{"id":855,"date":"2019-01-14T17:01:29","date_gmt":"2019-01-14T17:01:29","guid":{"rendered":"http:\/\/e-infra.ro\/?p=855"},"modified":"2023-03-31T13:10:36","modified_gmt":"2023-03-31T13:10:36","slug":"noi-directori-generali-pentru-electrogrup-si-direct-one","status":"publish","type":"post","link":"https:\/\/e-infra.ro\/ro\/noi-directori-generali-pentru-electrogrup-si-direct-one\/","title":{"rendered":"Noi Directori Generali pentru Electrogrup \u0219i Direct One"},"content":{"rendered":"<ul>\n<li><strong>Adrian Florea preia func\u021bia de Director General al Electrogrup<\/strong><\/li>\n<li><strong>Adrian R\u0103c\u0103\u0219an preia \u0219i rolul de Director General al Direct One<\/strong><\/li>\n<\/ul>\n<p><strong>\u00a0<\/strong><strong>Bucure\u0219ti, 9 ianuarie 2019 <\/strong>\u2013 <strong>E-INFRA (Electrogrup Infrastructure S.A.)\u00a0<\/strong>anun\u021b\u0103 ast\u0103zi c\u0103 <strong>Adrian Florea\u00a0<\/strong>ocup\u0103, din aceast\u0103 s\u0103pt\u0103m\u00e2n\u0103, func\u021bia de <strong>Director General\u00a0<\/strong>al companiei <strong>Electrogrup SA\u00a0<\/strong>\u0219i, \u00een acela\u0219i timp, <strong>Adrian R\u0103c\u0103\u0219an\u00a0<\/strong>preia \u0219i rolul de <strong>Director General\u00a0<\/strong>al <strong>Direct One SA<\/strong>, \u00een paralel cu pozi\u021bia de conducere a Netcity Telecom SRL. De asemenea, <strong>Teodor B\u0103bu\u021b\u00a0<\/strong>devine, de la 1 martie, <strong>Director General Adjunct <\/strong>al\u00a0<strong>Electrogrup SA<\/strong>.<\/p>\n<p>&#8220;\u00cenceputul de an aduce o serie de schimb\u0103ri de management \u00een cadrul Grupului E-INFRA, menite s\u0103 constituie baza dezvolt\u0103rii holding-ului, pe parcursul urm\u0103torilor ani. Fiecare dintre noile pozi\u021bii este ocupat\u0103 de oameni care cunosc foarte bine activitatea grupului la nivel strategic si opera\u021bional \u0219i vor contribui la cre\u0219terea s\u0103n\u0103toas\u0103 \u0219i sustenabil\u0103 a business-ului. Adrian Florea are o vedere clar\u0103 a sinergiilor dintre Electrogrup, Direct One \u0219i Netcity \u0219i este deja parte din ADN-ul grupului. Adrian R\u0103c\u0103\u0219an va asigura o abordare unitar\u0103 a grupului asupra oportunit\u0103\u021bilor din spa\u021biul telecom, asupra c\u0103ruia are deja o \u00een\u021belegere complex\u0103. De asemenea, Teodor B\u0103bu\u021b revine \u00een cadrul Electrogrup dup\u0103 o perioad\u0103 de succes la conducerea WESEE \u0219i reprezint\u0103 un exemplu remarcabil de carier\u0103 \u00een cadrul grupului&#8221;, declar\u0103 <strong>Daniel Farmache, CEO <\/strong>al\u00a0<strong>E-INFRA<\/strong>, \u00eencep\u00e2nd din 1 ianuarie 2019.<\/p>\n<p><strong><img decoding=\"async\" loading=\"lazy\" class=\"alignnone wp-image-2227 size-full\" src=\"https:\/\/e-infra.ro\/wp-content\/uploads\/2019\/01\/11-oameni.jpg\" alt=\"\" width=\"1704\" height=\"815\" srcset=\"https:\/\/e-infra.ro\/wp-content\/uploads\/2019\/01\/11-oameni.jpg 1704w, https:\/\/e-infra.ro\/wp-content\/uploads\/2019\/01\/11-oameni-300x143.jpg 300w, https:\/\/e-infra.ro\/wp-content\/uploads\/2019\/01\/11-oameni-1024x490.jpg 1024w, https:\/\/e-infra.ro\/wp-content\/uploads\/2019\/01\/11-oameni-768x367.jpg 768w, https:\/\/e-infra.ro\/wp-content\/uploads\/2019\/01\/11-oameni-1536x735.jpg 1536w\" sizes=\"(max-width: 1704px) 100vw, 1704px\" \/>Adrian Florea<\/strong> preia noul rol din postura de Director General al Direct One SA \u0219i membru al Consiliului de Administra\u021bie al Electrogrup SA. Cu o carier\u0103 solid\u0103 \u00een cadrul grupului E-INFRA, Adrian Florea aduce \u0219i o bogat\u0103 experien\u021b\u0103 \u00een companii de tehnologie \u0219i telecomunica\u021bii, cu roluri-cheie \u00een Netcity Telecom, Orange Rom\u00e2nia, Vodafone Rom\u00e2nia, Cosmote Rom\u00e2nia, Zapp \u0219i Motorola. Licen\u021biat \u00een Inginerie Aerospa\u021bial\u0103 la Universitatea Politehnica din Bucuresti, Florea a absolvit studiile MBA \u00een cadrul ASEBUSS. Noua pozi\u021bie a lui Adrian Florea a fost ocupat\u0103, p\u00e2n\u0103 \u00een prezent, de c\u0103tre Alina Pop.<\/p>\n<p>Pozi\u021bia de Director General al Direct One SA trece, de acum, \u00een responsabilitatea lui <strong>Adrian R\u0103c\u0103\u0219an<\/strong>, care \u00ee\u0219i p\u0103streaz\u0103 \u0219i atribu\u021biile de conducere a companiei Netcity Telecom SRL. Cu roluri importante \u00een dezvoltarea re\u021belelor Astral \u0219i UPC, Adrian R\u0103c\u0103\u0219an a promovat, pe parcursul carierei sale \u00een cadrul Netcity, ocup\u00e2nd ini\u021bial func\u021bia de Director Tehnic. Licen\u021biat \u00een Ingineria Sistemelor \u0219i Calculatoarelor , R\u0103c\u0103\u0219an are \u0219i un MBA de la BBS\/ CNAM Paris.<\/p>\n<p><strong>Teodor B\u0103bu\u021b<\/strong>, Director General al WESEE SRL pe parcursul ultimilor trei ani, va prelua, \u00eencep\u00e2nd cu data de 1 martie, rolul de Director General Adjunct al Electrogrup SA. Anterior func\u021biei de conducere din cadrul WESEE, Teodor B\u0103bu\u021b a condus departamentul comercial al Electrogrup. B\u0103bu\u021b a coordonat afacerile din Europa de Est ale diviziei Downhole din cadrul National Oilwell Varco Inc. USA, este inginer licen\u021biat la Universitatea Babe\u0219-Bolyai \u0219i a absolvit un MBA la University of Hull.<\/p>\n","protected":false},"excerpt":{"rendered":"<p>Adrian Florea preia func\u021bia de Director General al Electrogrup Adrian R\u0103c\u0103\u0219an preia \u0219i rolul de Director General al Direct One \u00a0Bucure\u0219ti, 9 ianuarie 2019 \u2013 E-INFRA (Electrogrup Infrastructure S.A.)\u00a0anun\u021b\u0103 ast\u0103zi c\u0103 Adrian Florea\u00a0ocup\u0103, din aceast\u0103 s\u0103pt\u0103m\u00e2n\u0103, func\u021bia de Director General\u00a0al companiei Electrogrup SA\u00a0\u0219i, \u00een acela\u0219i timp, Adrian R\u0103c\u0103\u0219an\u00a0preia \u0219i rolul de Director General\u00a0al Direct One [&hellip;]<\/p>\n","protected":false},"author":7,"featured_media":2084,"comment_status":"open","ping_status":"open","sticky":false,"template":"","format":"standard","meta":[],"categories":[16,9],"tags":[],"_links":{"self":[{"href":"https:\/\/e-infra.ro\/ro\/wp-json\/wp\/v2\/posts\/855"}],"collection":[{"href":"https:\/\/e-infra.ro\/ro\/wp-json\/wp\/v2\/posts"}],"about":[{"href":"https:\/\/e-infra.ro\/ro\/wp-json\/wp\/v2\/types\/post"}],"author":[{"embeddable":true,"href":"https:\/\/e-infra.ro\/ro\/wp-json\/wp\/v2\/users\/7"}],"replies":[{"embeddable":true,"href":"https:\/\/e-infra.ro\/ro\/wp-json\/wp\/v2\/comments?post=855"}],"version-history":[{"count":5,"href":"https:\/\/e-infra.ro\/ro\/wp-json\/wp\/v2\/posts\/855\/revisions"}],"predecessor-version":[{"id":2233,"href":"https:\/\/e-infra.ro\/ro\/wp-json\/wp\/v2\/posts\/855\/revisions\/2233"}],"wp:featuredmedia":[{"embeddable":true,"href":"https:\/\/e-infra.ro\/ro\/wp-json\/wp\/v2\/media\/2084"}],"wp:attachment":[{"href":"https:\/\/e-infra.ro\/ro\/wp-json\/wp\/v2\/media?parent=855"}],"wp:term":[{"taxonomy":"category","embeddable":true,"href":"https:\/\/e-infra.ro\/ro\/wp-json\/wp\/v2\/categories?post=855"},{"taxonomy":"post_tag","embeddable":true,"href":"https:\/\/e-infra.ro\/ro\/wp-json\/wp\/v2\/tags?post=855"}],"curies":[{"name":"wp","href":"https:\/\/api.w.org\/{rel}","templated":true}]}}