{"id":325,"date":"2017-10-17T15:05:51","date_gmt":"2017-10-17T15:05:51","guid":{"rendered":"http:\/\/e-infra.ro\/?p=325"},"modified":"2023-03-28T14:01:21","modified_gmt":"2023-03-28T14:01:21","slug":"netcity-telecom-a-reluat-investitia-privata-in-constructia-retelei-de-infrastructura-de-telecomunicatii","status":"publish","type":"post","link":"https:\/\/e-infra.ro\/ro\/netcity-telecom-a-reluat-investitia-privata-in-constructia-retelei-de-infrastructura-de-telecomunicatii\/","title":{"rendered":"Netcity Telecom a reluat investi\u021bia privat\u0103 \u00een construc\u021bia re\u021belei de infrastructur\u0103 de telecomunica\u021bii"},"content":{"rendered":"<p>Prim\u0103ria Municipiului Bucure\u0219ti \u0219i Netcity Telecom \u0219i-au propus ca lucr\u0103rile la re\u021beaua edilitar\u0103 de fibr\u0103 optic\u0103, finan\u021bat\u0103 exclusiv de Netcity din fonduri private, s\u0103 continue \u00eentr-un ritm sus\u021binut \u00een 2017 \u0219i \u00een anii urm\u0103tori. Netcity estimeaz\u0103 c\u0103 p\u00e2n\u0103 \u00een 2020 investi\u021bia privat\u0103 va cre\u0219te cu peste 30 milioane de Euro, dep\u0103\u0219ind la acel moment 70 milioane de Euro. Lungimea re\u021belei \u00een urm\u0103torii trei ani urmeaz\u0103 astfel s\u0103 se dubleze, la peste 1800 km, continu\u00e2nd ulterior s\u0103&nbsp; creasc\u0103 \u00een fiecare an, \u00een func\u021bie de necesit\u0103\u021bile Capitalei.<\/p>\n<p>Reprezentan\u021bii Prim\u0103riei Capitalei \u0219i ai Netcity Telecom au agreat la \u00eenceputul acestei veri necesitatea extinderii re\u021belei cu circa 150 km de re\u021bea \u00een 2017, fiind prioritizate zonele cu risc crescut de accidente din cauza situa\u021biei improprii a cablurilor aeriene de telecomunica\u021bii. Astfel, Netcity a lansat \u00een execu\u021bie \u00eenc\u0103 din luna iulie noi tronsoane de re\u021bea, iar lucr\u0103rile&nbsp; aflate \u00een desf\u0103\u0219urare vor continua \u0219i \u00een luna octombrie respectiv noiembrie. Celor 350 km de extindere a re\u021belei deja proiecta\u021bi \u00een 2017 li se vor ad\u0103uga al\u021bi 400 km de re\u021bea pentru care etapa tehnologic\u0103 de proiectare este estimat\u0103 a se finaliza \u00een luna martie 2018. Netcity estimeaz\u0103 c\u0103 investi\u021biile realizate p\u00e2n\u0103 \u00een 2020 vor duce la dublarea veniturilor rezultate din redeven\u021ba pl\u0103tit\u0103 de concesionarul Netcity Telecom c\u0103tre bugetul Prim\u0103riei Municipiului Bucure\u0219ti, venituri ce vor ajunge la peste 2 milioane de euro pe an.<\/p>\n<p>Extinderea re\u021belei va cre\u0219te num\u0103rul de str\u0103zi pentru care cablurile aeriene de telecomunica\u021bii vor fi migrate \u00een subteran, migrare care va contribui la \u00eembun\u0103t\u0103\u021birea aspectului urban \u0219i reducerea riscurilor de accidente cauzate de amplasarea ilegal\u0103 \u0219i haotic\u0103 a cablurilor pe st\u00e2lpi, \u00een copaci sau \u00eentre cl\u0103diri. De asemenea, investi\u021bia \u00een re\u021beaua Netcity va asigura cre\u0219terea calit\u0103\u021bii serviciilor de telecomunica\u021bii, a concuren\u021bei \u00eentre operatorii de servicii telecom \u0219i a redeven\u021bei \u00eencasate de c\u0103tre municipalitate, asigur\u00e2nd totodat\u0103 suportul de infrastructur\u0103 pentru serviciile de tip Smart City.<\/p>\n<p>\u00cen completare la lucr\u0103rile aflate \u00een curs de finalizare din zona Prim\u0103verii \u2013 Doroban\u021bi \u2013 Kiseleff, noi zone cu situa\u021bii critice au fost identificate pe traseele mijloacelor de transport \u00een comun, pe artere cu numeroase re\u021bele aeriene c\u0103zute pe trotuare sau ma\u0219ini, amplasate pe st\u00e2lpi improviza\u021bi sau \u00een pericol de pr\u0103bu\u0219ire, rezult\u00e2nd astfel noi lucr\u0103ri ce au fost planificate pentru acest an \u00een perimetrul cartierelor Ghencea, Cr\u00e2nga\u0219i, Giule\u0219ti, Calea C\u0103l\u0103ra\u0219i \u0219i Mircea Vulc\u0103nescu. Traficul auto nu va fi deviat sau perturbat. Netcity ia toate m\u0103surile posibile pentru ca accesul pietonal s\u0103 fie c\u00e2t mai pu\u021bin afectat \u0219i face apel la \u00een\u021belegerea locuitorilor pentru eventuale nepl\u0103ceri cauzate de lucr\u0103rile de construc\u021bie a re\u021belei.<\/p>\n<p>Netcity Telecom este operatorul re\u021belei \u201eNetcity\u201d, fiind responsabil cu proiectarea, realizarea \u0219i operarea acesteia, \u00een baza unui contract de concesiune semnat \u00een anul 2008 cu Prim\u0103ria Municipiului Bucure\u0219ti pentru o perioad\u0103 de 49 de ani. Re\u021beaua-suport de infrastructur\u0103 pentru fibr\u0103 optic\u0103 are \u00een prezent o lungime de aproximativ 900 km, fiind pus\u0103 la dispozi\u021bia operatorilor de telecomunica\u021bii care ofer\u0103 servicii pe teritoriul Municipiului Bucure\u0219ti.<\/p>\n","protected":false},"excerpt":{"rendered":"<p>Prim\u0103ria Municipiului Bucure\u0219ti \u0219i Netcity Telecom \u0219i-au propus ca lucr\u0103rile la re\u021beaua edilitar\u0103 de fibr\u0103 optic\u0103, finan\u021bat\u0103 exclusiv de Netcity din fonduri private, s\u0103 continue \u00eentr-un ritm sus\u021binut \u00een 2017 \u0219i \u00een anii urm\u0103tori. Netcity estimeaz\u0103 c\u0103 p\u00e2n\u0103 \u00een 2020 investi\u021bia privat\u0103 va cre\u0219te cu peste 30 milioane de Euro, dep\u0103\u0219ind la acel moment 70 [&hellip;]<\/p>\n","protected":false},"author":1,"featured_media":2108,"comment_status":"open","ping_status":"open","sticky":false,"template":"","format":"standard","meta":[],"categories":[9],"tags":[],"_links":{"self":[{"href":"https:\/\/e-infra.ro\/ro\/wp-json\/wp\/v2\/posts\/325"}],"collection":[{"href":"https:\/\/e-infra.ro\/ro\/wp-json\/wp\/v2\/posts"}],"about":[{"href":"https:\/\/e-infra.ro\/ro\/wp-json\/wp\/v2\/types\/post"}],"author":[{"embeddable":true,"href":"https:\/\/e-infra.ro\/ro\/wp-json\/wp\/v2\/users\/1"}],"replies":[{"embeddable":true,"href":"https:\/\/e-infra.ro\/ro\/wp-json\/wp\/v2\/comments?post=325"}],"version-history":[{"count":3,"href":"https:\/\/e-infra.ro\/ro\/wp-json\/wp\/v2\/posts\/325\/revisions"}],"predecessor-version":[{"id":2109,"href":"https:\/\/e-infra.ro\/ro\/wp-json\/wp\/v2\/posts\/325\/revisions\/2109"}],"wp:featuredmedia":[{"embeddable":true,"href":"https:\/\/e-infra.ro\/ro\/wp-json\/wp\/v2\/media\/2108"}],"wp:attachment":[{"href":"https:\/\/e-infra.ro\/ro\/wp-json\/wp\/v2\/media?parent=325"}],"wp:term":[{"taxonomy":"category","embeddable":true,"href":"https:\/\/e-infra.ro\/ro\/wp-json\/wp\/v2\/categories?post=325"},{"taxonomy":"post_tag","embeddable":true,"href":"https:\/\/e-infra.ro\/ro\/wp-json\/wp\/v2\/tags?post=325"}],"curies":[{"name":"wp","href":"https:\/\/api.w.org\/{rel}","templated":true}]}}