{"id":2672,"date":"2024-09-12T09:19:00","date_gmt":"2024-09-12T09:19:00","guid":{"rendered":"https:\/\/e-infra.ro\/south-east-europe-green-epc-conference-inovatie-pentru-sustenabilitate\/"},"modified":"2024-09-12T09:19:00","modified_gmt":"2024-09-12T09:19:00","slug":"south-east-europe-green-epc-conference-inovatie-pentru-sustenabilitate","status":"publish","type":"post","link":"https:\/\/e-infra.ro\/ro\/south-east-europe-green-epc-conference-inovatie-pentru-sustenabilitate\/","title":{"rendered":"South-East Europe Green EPC Conference \u2013 Inova\u021bie pentru sustenabilitate"},"content":{"rendered":"<p>Pe 12 septembrie 2024, E-INFRA, prin intermediul Electrogrup, a fost un participant important la prima edi\u021bie a conferin\u021bei regionale <strong>South-East Europe Green EPC<\/strong>, desf\u0103\u0219urat\u0103 la Hotel Sheraton din Bucure\u0219ti. Evenimentul a adunat lideri din industrie, autorit\u0103\u021bi de reglementare, operatori de sistem, institu\u021bii financiare \u0219i dezvoltatori de proiecte pentru a discuta beneficiile \u0219i oportunit\u0103\u021bile aduse de contractarea EPC (Engineering, Procurement, Construction) \u00een domeniul energiei regenerabile.<\/p>\n<p>E-INFRA a contribuit activ prin prezentarea unor solu\u021bii inovatoare menite s\u0103 accelereze tranzi\u021bia energetic\u0103 \u0219i s\u0103 sprijine dezvoltarea sustenabil\u0103. Reprezentan\u021bii companiei au eviden\u021biat importan\u021ba utiliz\u0103rii EPC pentru a optimiza costurile \u0219i a eficientiza implementarea proiectelor de energie verde. Aceste solu\u021bii sunt esen\u021biale pentru reducerea amprentei de carbon \u0219i cre\u0219terea accesibilit\u0103\u021bii surselor de energie regenerabil\u0103 \u00een regiune.<\/p>\n<p>Conferin\u021ba a fost, de asemenea, o platform\u0103 pentru dezvoltarea de noi parteneriate strategice \u00eentre investitori, furnizori de echipamente \u0219i companii de construc\u021bii, consolid\u00e2nd re\u021beaua de colaborare \u00eentre actorii cheie din sector. Prin prezen\u021ba sa, E-INFRA a demonstrat \u00eenc\u0103 o dat\u0103 angajamentul s\u0103u fa\u021b\u0103 de inova\u021bie \u0219i de crearea unei infrastructuri energetice durabile \u0219i eficiente.<\/p>\n<p>Participarea la acest eveniment subliniaz\u0103 rolul E-INFRA de lider \u00een transformarea sectorului energetic din Europa de Sud-Est \u0219i \u00een promovarea unor solu\u021bii care s\u0103 asigure o tranzi\u021bie verde echitabil\u0103 pentru comunit\u0103\u021bi \u0219i economie\u200b.<\/p>\n","protected":false},"excerpt":{"rendered":"<p>Pe 12 septembrie 2024, E-INFRA, prin intermediul Electrogrup, a fost un participant important la prima edi\u021bie a conferin\u021bei regionale South-East Europe Green EPC, desf\u0103\u0219urat\u0103 la Hotel Sheraton din Bucure\u0219ti. Evenimentul a adunat lideri din industrie, autorit\u0103\u021bi de reglementare, operatori de sistem, institu\u021bii financiare \u0219i dezvoltatori de proiecte pentru a discuta beneficiile \u0219i oportunit\u0103\u021bile aduse de [&hellip;]<\/p>\n","protected":false},"author":14,"featured_media":2673,"comment_status":"closed","ping_status":"closed","sticky":false,"template":"","format":"standard","meta":[],"categories":[9],"tags":[],"_links":{"self":[{"href":"https:\/\/e-infra.ro\/ro\/wp-json\/wp\/v2\/posts\/2672"}],"collection":[{"href":"https:\/\/e-infra.ro\/ro\/wp-json\/wp\/v2\/posts"}],"about":[{"href":"https:\/\/e-infra.ro\/ro\/wp-json\/wp\/v2\/types\/post"}],"author":[{"embeddable":true,"href":"https:\/\/e-infra.ro\/ro\/wp-json\/wp\/v2\/users\/14"}],"replies":[{"embeddable":true,"href":"https:\/\/e-infra.ro\/ro\/wp-json\/wp\/v2\/comments?post=2672"}],"version-history":[{"count":0,"href":"https:\/\/e-infra.ro\/ro\/wp-json\/wp\/v2\/posts\/2672\/revisions"}],"wp:featuredmedia":[{"embeddable":true,"href":"https:\/\/e-infra.ro\/ro\/wp-json\/wp\/v2\/media\/2673"}],"wp:attachment":[{"href":"https:\/\/e-infra.ro\/ro\/wp-json\/wp\/v2\/media?parent=2672"}],"wp:term":[{"taxonomy":"category","embeddable":true,"href":"https:\/\/e-infra.ro\/ro\/wp-json\/wp\/v2\/categories?post=2672"},{"taxonomy":"post_tag","embeddable":true,"href":"https:\/\/e-infra.ro\/ro\/wp-json\/wp\/v2\/tags?post=2672"}],"curies":[{"name":"wp","href":"https:\/\/api.w.org\/{rel}","templated":true}]}}