{"id":2660,"date":"2024-07-04T09:15:00","date_gmt":"2024-07-04T09:15:00","guid":{"rendered":"https:\/\/e-infra.ro\/amcham-4th-of-july-unire-prin-energie-si-comunitate\/"},"modified":"2024-07-04T09:15:00","modified_gmt":"2024-07-04T09:15:00","slug":"amcham-4th-of-july-unire-prin-energie-si-comunitate","status":"publish","type":"post","link":"https:\/\/e-infra.ro\/ro\/amcham-4th-of-july-unire-prin-energie-si-comunitate\/","title":{"rendered":"AMCHAM \u2013 4th of July \u2013 Unire prin energie \u0219i comunitate"},"content":{"rendered":"<p>Pe 4 iulie 2024, E-INFRA a fost partener principal la celebrarea Zilei Independen\u021bei Statelor Unite organizat\u0103 de AmCham, eveniment care a avut loc la Clubul Diplomatic din Bucure\u0219ti. Cu o prezen\u021b\u0103 de peste 1.000 de participan\u021bi din mediul de afaceri, evenimentul a fost o oportunitate pentru E-INFRA de a interac\u021biona cu parteneri interna\u021bionali \u0219i de a promova proiectele sale de energie sustenabil\u0103.<\/p>\n<p>Standurile E-INFRA au fost un punct de atrac\u021bie, oferind participan\u021bilor informa\u021bii despre solu\u021biile avansate ale companiei, precum \u0219i materiale promo\u021bionale inovatoare. Atmosfera relaxat\u0103 a fost completat\u0103 de activit\u0103\u021bi interactive, iar implicarea E-INFRA a subliniat importan\u021ba cooper\u0103rii interna\u021bionale \u00een dezvoltarea infrastructurii energetice.<\/p>\n<p>Prin sprijinul s\u0103u, E-INFRA a demonstrat c\u0103 investi\u021biile \u00een rela\u021biile transatlantice sunt esen\u021biale pentru consolidarea unei re\u021bele energetice sigure \u0219i eficiente, \u00een beneficiul comunit\u0103\u021bii globale\u200b.<\/p>\n","protected":false},"excerpt":{"rendered":"<p>Pe 4 iulie 2024, E-INFRA a fost partener principal la celebrarea Zilei Independen\u021bei Statelor Unite organizat\u0103 de AmCham, eveniment care a avut loc la Clubul Diplomatic din Bucure\u0219ti. Cu o prezen\u021b\u0103 de peste 1.000 de participan\u021bi din mediul de afaceri, evenimentul a fost o oportunitate pentru E-INFRA de a interac\u021biona cu parteneri interna\u021bionali \u0219i de [&hellip;]<\/p>\n","protected":false},"author":14,"featured_media":2661,"comment_status":"closed","ping_status":"closed","sticky":false,"template":"","format":"standard","meta":[],"categories":[9],"tags":[],"_links":{"self":[{"href":"https:\/\/e-infra.ro\/ro\/wp-json\/wp\/v2\/posts\/2660"}],"collection":[{"href":"https:\/\/e-infra.ro\/ro\/wp-json\/wp\/v2\/posts"}],"about":[{"href":"https:\/\/e-infra.ro\/ro\/wp-json\/wp\/v2\/types\/post"}],"author":[{"embeddable":true,"href":"https:\/\/e-infra.ro\/ro\/wp-json\/wp\/v2\/users\/14"}],"replies":[{"embeddable":true,"href":"https:\/\/e-infra.ro\/ro\/wp-json\/wp\/v2\/comments?post=2660"}],"version-history":[{"count":0,"href":"https:\/\/e-infra.ro\/ro\/wp-json\/wp\/v2\/posts\/2660\/revisions"}],"wp:featuredmedia":[{"embeddable":true,"href":"https:\/\/e-infra.ro\/ro\/wp-json\/wp\/v2\/media\/2661"}],"wp:attachment":[{"href":"https:\/\/e-infra.ro\/ro\/wp-json\/wp\/v2\/media?parent=2660"}],"wp:term":[{"taxonomy":"category","embeddable":true,"href":"https:\/\/e-infra.ro\/ro\/wp-json\/wp\/v2\/categories?post=2660"},{"taxonomy":"post_tag","embeddable":true,"href":"https:\/\/e-infra.ro\/ro\/wp-json\/wp\/v2\/tags?post=2660"}],"curies":[{"name":"wp","href":"https:\/\/api.w.org\/{rel}","templated":true}]}}