{"id":1379,"date":"2020-04-01T07:39:05","date_gmt":"2020-04-01T07:39:05","guid":{"rendered":"https:\/\/e-infra.ro\/?p=1379"},"modified":"2023-03-28T13:58:48","modified_gmt":"2023-03-28T13:58:48","slug":"covid-19","status":"publish","type":"post","link":"https:\/\/e-infra.ro\/ro\/covid-19\/","title":{"rendered":"RASPUNSUL NOSTRU LA COVID-19"},"content":{"rendered":"<p style=\"text-align: left;\">Companiile din Grupul E-INFRA gestioneaz\u0103 resurse critice pentru Rom\u00e2nia \u00een acest moment \u2013 infrastructur\u0103 de telecomunica\u021bii, energetic\u0103, construc\u021bii de proiecte cu impact important \u00een activitatea economic\u0103. Ne desf\u0103\u0219ur\u0103m activitatea cu convingerea c\u0103 infrastuctura modern\u0103 \u0219i de calitate ne ofer\u0103 acces la o via\u021b\u0103 mai bun\u0103.<\/p>\n<p style=\"text-align: left;\">\u00cen aceast\u0103 perioad\u0103 f\u0103r\u0103 precedent pe care o travers\u0103m, facem toate acestea \u00een timp ce avem grij\u0103 de noi \u00een\u0219ine \u0219i cei din jur, asigur\u00e2ndu-ne c\u0103 lucr\u0103m \u00een siguran\u021b\u0103, oric\u00e2nd \u0219i oric\u00e2t este necesar pentru a spriji eforturile de combatere a epidemiei.<\/p>\n<p style=\"text-align: left;\">\u00cen acest\u0103 perioad\u0103, tot ceea ce facem este ghidat de trei principii de baz\u0103:<\/p>\n<ul style=\"text-align: left;\">\n<li>Protejarea s\u0103n\u0103t\u0103\u021bii \u0219i siguran\u021bei angaja\u021bilor E-INFRA, dar \u0219i a clien\u021bilor, partenerilor \u0219i a comunit\u0103\u021bilor \u00een care lucr\u0103m<\/li>\n<li>Asigurarea serviciilor de baz\u0103 pentru func\u021bionarea infrastructurilor critice pentru Rom\u00e2nia<\/li>\n<li>Sprijinirea comunit\u0103\u021bilor \u0219i a celor care se afl\u0103 \u00een primele linii ale acestei pandemii globale<\/li>\n<\/ul>\n<p>&nbsp;<\/p>\n<h3 style=\"text-align: left;\"><strong><b>PROTEJAREA S\u0102N\u0102T\u0102\u021aII ANGAJA\u021aILOR<\/b><\/strong><\/h3>\n<p>&nbsp;<\/p>\n<p style=\"text-align: left;\"><strong><img decoding=\"async\" loading=\"lazy\" class=\"alignleft wp-image-1852\" src=\"https:\/\/e-infra.ro\/wp-content\/uploads\/2023\/02\/p_4_1_1-67x300.png\" alt=\"\" width=\"240\" height=\"1081\" \/>M\u0103suri sporite de dezinfec\u021bie<\/strong><\/p>\n<p style=\"text-align: left;\">Am instituit gradual m\u0103suri de dezinfec\u021bie \u0219i igien\u0103 cuprinz\u0103toare \u00een toate sediile\u00a0\u0219i punctele de lucru ale companiilor din Grup, dar \u0219i pe toate \u0219antierele noastre. Toate sediile au fost echipate cu dezinfectant de m\u00e2ini, dezinfectan\u021bi pentru suprafe\u021be pe baz\u0103 de clor sau alcool, m\u0103\u0219ti \u0219i m\u0103nu\u0219i de protec\u021bie, \u0219i a fost stabilit un program strict de ingienizare a tuturor spa\u021biilor comune.<\/p>\n<p style=\"text-align: left;\"><strong>M\u0103suri stricte de igien\u0103 personal\u0103<\/strong><\/p>\n<p style=\"text-align: left;\">Comunic\u0103m permanent intern m\u0103surile de preven\u021bie \u0219i igien\u0103 personal\u0103 recomandate de autorit\u0103\u021bi \u0219i asigur\u0103m pentru angaja\u021bii no\u0219tri toate produsele igienico-sanitare necesare pentru preven\u021bie.<\/p>\n<p style=\"text-align: left;\"><strong>Op\u021biuni de telemunc\u0103<\/strong><\/p>\n<p style=\"text-align: left;\">Am implementat ca recomandare principal\u0103 op\u021biunea de lucru de la domiciliu\u00a0pentru to\u021bi angaja\u021bii eligibili care desf\u0103\u0219oar\u0103 activit\u0103\u021bi de tip suport \u0219i office \u0219i am informat permanent echipele \u00een legatur\u0103 cu toate drepturile \u0219i facilit\u0103\u021bile guvernamentale\u00a0valabile \u00een aceast\u0103 perioad\u0103.<\/p>\n<p style=\"text-align: left;\"><strong>C\u0103l\u0103torii \u0219i \u00eent\u00e2lniri<\/strong><\/p>\n<p style=\"text-align: left;\">Am anulat toate c\u0103l\u0103toriile de business, dar ne desf\u0103\u0219ur\u0103m \u00een continuare \u00eent\u00e2lnirile \u0219i discu\u021biile cu partenerii, furnizorii \u0219i clien\u021bii la distan\u021b\u0103 \u0219i \u00een spa\u021biul virtual, prin aplica\u021bii\u00a0\u00a0de comunicare.<\/p>\n<p style=\"text-align: left;\"><strong>M\u0103suri de izolare<\/strong><\/p>\n<p style=\"text-align: left;\">Toti angaja\u021bii care s-au \u00eentors din \u021b\u0103rile cu grad ridicat de risc sau au intrat \u00een contact cu persoane aflate \u00een acest context au intrat \u00een auto-izolare la domiciliu pentru 14 zile imediat dup\u0103 \u00eentoarcere.<\/p>\n<p style=\"text-align: left;\"><strong>Echipamente \u0219i m\u0103suri de protec\u021bie<\/strong><\/p>\n<p style=\"text-align: left;\">Am luat masuri extinse de protec\u021bie pentru angaja\u021bii a c\u0103ror prezen\u021b\u0103 este indispensabil\u0103 sau care nu pot lucra de la domiciliu. Timpul petrecut la birou a fost limitat \u0219i este permis doar \u00een cazuri bine justificate \u0219i pentru activit\u0103\u021bi care presupun urgen\u021b\u0103; accesul are durat\u0103 limitat\u0103 \u0219i este permis doar \u00een ture pentru a diminua contactul \u00eentre angaja\u021bi. Asigur\u0103m permanent pentru echipe consumabile \u0219i echipamente de protec\u021bie: s\u0103pun, dezinfectant pentru m\u00e2ini, m\u0103\u0219ti pentru fa\u021b\u0103, m\u0103nu\u0219i din nytril\/ latex; pentru echipele de interven\u021bie adaug\u0103m \u0219i combinezoane \u0219i ochelari de protec\u021bie.<\/p>\n<h4><\/h4>\n<h4><\/h4>\n<h4><\/h4>\n<h4><\/h4>\n<h4><\/h4>\n<h4><\/h4>\n<h5 style=\"text-align: left;\"><em>INFO STATUS<\/em><\/h5>\n<h5 style=\"text-align: left;\"><em>Nu avem \u00een prezent raportat niciun caz de \u00eemboln\u0103vire \u00een niciuna dintre companiile din Grupul E-INFRA.<\/em><\/h5>\n<p>&nbsp;<\/p>\n<h3><strong>ASIGURAREA SERVICIILOR DE BAZ\u0102 PENTRU CLIEN\u021aI \u0218I COMUNITATE<\/strong><\/h3>\n<p>&nbsp;<\/p>\n<p style=\"text-align: left;\"><img decoding=\"async\" loading=\"lazy\" class=\"wp-image-1851 alignleft\" src=\"https:\/\/e-infra.ro\/wp-content\/uploads\/2023\/02\/p_4_1_2-232x300.png\" alt=\"\" width=\"240\" height=\"310\" \/>Suntem mai aler\u021bi dec\u00e2t oric\u00e2nd pentru a asigura mentenan\u021ba \u0219i furnizarea \u00een continuare c\u0103tre clien\u021bii no\u0219tri a serviciilor care s\u0103 asigure condi\u021bii optime de func\u021bionare pentru clien\u021bii finali, oameni \u0219i companii &#8211; de la infrastructura metropolitan\u0103 pentru fibr\u0103 optic\u0103 Netcity \u0219i re\u021beaua na\u021bional\u0103 de fibr\u0103 optica Direct One p\u00e2n\u0103 la re\u021belele de electricitate \u0219i gaze sau furnizarea de energie \u0219i gaze naturale de c\u0103tre Nova Power &amp; Gas sau construc\u021bii civile care s\u0103 asigure \u00een continuare cre\u0219tere economic\u0103. Comunit\u0103\u021bile depind mai mult dec\u00e2t oric\u00e2nd infrastructurile de baz\u0103 pentru a r\u0103m\u00e2ne active \u0219i conectate.<\/p>\n<p>&nbsp;<\/p>\n<p>&nbsp;<\/p>\n<p>&nbsp;<\/p>\n<h3><strong>SPRIJINIREA COMUNIT\u0102\u021aII<\/strong><\/h3>\n<p>&nbsp;<\/p>\n<p><img decoding=\"async\" loading=\"lazy\" class=\"alignleft wp-image-1850\" src=\"https:\/\/e-infra.ro\/wp-content\/uploads\/2023\/02\/p_4_1_3-262x300.png\" alt=\"\" width=\"240\" height=\"275\" \/>Asigur\u0103m suport pentru comunitate \u0219i sistemul medical in lupta acerb\u0103 contra Covid-19. Am donat 500.000 lei pentru a contribui la dotarea\u00a0principalelor centre medicale din Bucure\u0219ti \u0219i Cluj-Napoca care gestioneaz\u0103 efectele pandemice din Rom\u00e2nia.<\/p>\n<p>Ne-am alaturat f\u0103r\u0103 ezitare demersurilor initiate de Funda\u021bia Transilvania Leaders, MagiCamp \u0219i Crucea Ro\u0219ie Rom\u00e2n\u0103 pentru achizi\u021bia rapid\u0103 de kit-uri de testare, echipamente de protec\u021bie pentru medici, dezinfectan\u021bi, precum \u0219i ventilatoare \u0219i videolaringoscoape. Materialele vor ajunge la Spitalul Victor Babe\u0219 \u0219i Institutul Matei Bal\u0219 \u00een Bucure\u0219ti \u0219i Spitalul Clinic Jude\u021bean de Urgen\u021b\u0103 \u0219i Institutul Oncologic \u00een Cluj-Napoca.<\/p>\n<p>Ne \u00eencuraj\u0103m \u00een acela\u0219i timp prietenii \u0219i partenerii s\u0103 contribuie la ac\u021biunile de sus\u021binere.<\/p>\n<p>&nbsp;<\/p>\n<p><strong>Ac\u021bion\u0103m #\u00eempreun\u0103, pentru mai multe \u0219anse pentru sistemul medical din Rom\u00e2nia!<\/strong><\/p>\n","protected":false},"excerpt":{"rendered":"<p>Companiile din Grupul E-INFRA gestioneaz\u0103 resurse critice pentru Rom\u00e2nia \u00een acest moment \u2013 infrastructur\u0103 de telecomunica\u021bii, energetic\u0103, construc\u021bii de proiecte cu impact important \u00een activitatea economic\u0103. Ne desf\u0103\u0219ur\u0103m activitatea cu convingerea c\u0103 infrastuctura modern\u0103 \u0219i de calitate ne ofer\u0103 acces la o via\u021b\u0103 mai bun\u0103. \u00cen aceast\u0103 perioad\u0103 f\u0103r\u0103 precedent pe care o travers\u0103m, facem [&hellip;]<\/p>\n","protected":false},"author":7,"featured_media":1848,"comment_status":"open","ping_status":"open","sticky":false,"template":"","format":"standard","meta":[],"categories":[9],"tags":[],"_links":{"self":[{"href":"https:\/\/e-infra.ro\/ro\/wp-json\/wp\/v2\/posts\/1379"}],"collection":[{"href":"https:\/\/e-infra.ro\/ro\/wp-json\/wp\/v2\/posts"}],"about":[{"href":"https:\/\/e-infra.ro\/ro\/wp-json\/wp\/v2\/types\/post"}],"author":[{"embeddable":true,"href":"https:\/\/e-infra.ro\/ro\/wp-json\/wp\/v2\/users\/7"}],"replies":[{"embeddable":true,"href":"https:\/\/e-infra.ro\/ro\/wp-json\/wp\/v2\/comments?post=1379"}],"version-history":[{"count":22,"href":"https:\/\/e-infra.ro\/ro\/wp-json\/wp\/v2\/posts\/1379\/revisions"}],"predecessor-version":[{"id":1873,"href":"https:\/\/e-infra.ro\/ro\/wp-json\/wp\/v2\/posts\/1379\/revisions\/1873"}],"wp:featuredmedia":[{"embeddable":true,"href":"https:\/\/e-infra.ro\/ro\/wp-json\/wp\/v2\/media\/1848"}],"wp:attachment":[{"href":"https:\/\/e-infra.ro\/ro\/wp-json\/wp\/v2\/media?parent=1379"}],"wp:term":[{"taxonomy":"category","embeddable":true,"href":"https:\/\/e-infra.ro\/ro\/wp-json\/wp\/v2\/categories?post=1379"},{"taxonomy":"post_tag","embeddable":true,"href":"https:\/\/e-infra.ro\/ro\/wp-json\/wp\/v2\/tags?post=1379"}],"curies":[{"name":"wp","href":"https:\/\/api.w.org\/{rel}","templated":true}]}}